{"id":488,"date":"2024-05-17T08:47:27","date_gmt":"2024-05-17T11:47:27","guid":{"rendered":"https:\/\/stattus4.com\/?p=488"},"modified":"2024-05-17T08:53:49","modified_gmt":"2024-05-17T11:53:49","slug":"reciclar-ajuda-combater-as-mudancas-climaticas","status":"publish","type":"post","link":"https:\/\/stattus4.com\/es\/reciclar-ajuda-combater-as-mudancas-climaticas\/","title":{"rendered":"\u00bfEl reciclaje ayuda a combatir el cambio clim\u00e1tico?"},"content":{"rendered":"<p>La respuesta no es tan sencilla, pero hag\u00e1mosla m\u00e1s did\u00e1ctica.<br><br>Al reciclar alg\u00fan material, ayudamos a reducir la cantidad de residuos que terminan en los vertederos, donde pueden liberar metano, un potente gas de efecto invernadero.<br><br>Adem\u00e1s, el reciclaje tambi\u00e9n tiene un impacto positivo en el ahorro de energ\u00eda. Al reciclar, reducimos la necesidad de extraer y procesar nuevas materias primas, lo que a su vez reduce las emisiones de gases de efecto invernadero de la nueva producci\u00f3n.<\/p>\n\n\n\n<p><em>\u2014<\/em>&nbsp;Entonces s\u00ed, el reciclaje ayuda a combatir el cambio clim\u00e1tico.<\/p>\n\n\n\n<p><br>Por ejemplo, seg\u00fan un informe de la Agencia de Protecci\u00f3n Ambiental de EE. UU. (EPA), el uso de pl\u00e1stico reciclado puede reducir el impacto ambiental de la energ\u00eda y las emisiones en m\u00e1s de 50%.<\/p>\n\n\n\n<p>Para otros materiales reciclables, como el papel y el aluminio, esta reducci\u00f3n puede llegar a 75 o incluso 80%.<br><br>El reciclaje es esencial y es una misi\u00f3n colectiva.<br><br>Por lo tanto, es importante que todos participen activamente en el reciclaje y apoyen pol\u00edticas que promuevan pr\u00e1cticas sustentables. S\u00f3lo as\u00ed superaremos las crisis medioambientales y humanitarias que est\u00e1n sucediendo.<br><br>Hoy, en el D\u00eda Mundial del Reciclaje, queremos extender una invitaci\u00f3n: \u00bfTe gustar\u00eda disponer correctamente de los residuos?<br><br>Empezar por casa, separando los elementos reciclables (papel, pl\u00e1stico y metal) de los org\u00e1nicos, ya aporta mucho a todo el proceso. \u267b\ufe0f<\/p>","protected":false},"excerpt":{"rendered":"<p>La respuesta no es tan sencilla, pero hag\u00e1mosla m\u00e1s did\u00e1ctica. Al reciclar alg\u00fan material, ayudamos a reducir la cantidad de residuos que terminan en los vertederos, donde pueden liberar metano, un potente gas de efecto invernadero. Adem\u00e1s,\u2026","protected":false},"author":2,"featured_media":492,"comment_status":"open","ping_status":"open","sticky":false,"template":"","format":"standard","meta":{"_acf_changed":false,"content-type":"","footnotes":""},"categories":[3],"tags":[],"class_list":["post-488","post","type-post","status-publish","format-standard","has-post-thumbnail","hentry","category-saneamento"],"acf":[],"yoast_head":"<!-- This site is optimized with the Yoast SEO plugin v27.4 - https:\/\/yoast.com\/product\/yoast-seo-wordpress\/ -->\n<title>Reciclar ajuda combater as mudan\u00e7as clim\u00e1ticas? - Stattus4<\/title>\n<meta name=\"robots\" content=\"index, follow, max-snippet:-1, max-image-preview:large, max-video-preview:-1\" \/>\n<link rel=\"canonical\" href=\"https:\/\/stattus4.com\/es\/reciclar-ajuda-combater-as-mudancas-climaticas\/\" \/>\n<meta property=\"og:locale\" content=\"es_ES\" \/>\n<meta property=\"og:type\" content=\"article\" \/>\n<meta property=\"og:title\" content=\"Reciclar ajuda combater as mudan\u00e7as clim\u00e1ticas? - Stattus4\" \/>\n<meta property=\"og:description\" content=\"A resposta n\u00e3o \u00e9 t\u00e3o simples, mas vamos deix\u00e1-la mais did\u00e1tica. Ao reciclar algum material, ajudamos a reduzir a quantidade de res\u00edduos que acabam em aterros sanit\u00e1rios, onde podem liberar metano, um potente g\u00e1s de efeito estufa. Al\u00e9m disso, a reciclagem tamb\u00e9m tem um impacto positivo na economia de energia. Ao reciclar, diminu\u00edmos a necessidade [&hellip;]\" \/>\n<meta property=\"og:url\" content=\"https:\/\/stattus4.com\/es\/reciclar-ajuda-combater-as-mudancas-climaticas\/\" \/>\n<meta property=\"og:site_name\" content=\"Stattus4\" \/>\n<meta property=\"article:published_time\" content=\"2024-05-17T11:47:27+00:00\" \/>\n<meta property=\"article:modified_time\" content=\"2024-05-17T11:53:49+00:00\" \/>\n<meta property=\"og:image\" content=\"https:\/\/stattus4.com\/wp-content\/uploads\/2024\/05\/dia-mundial-da-reciclagem-1080x1920-blog-1.png\" \/>\n\t<meta property=\"og:image:width\" content=\"1600\" \/>\n\t<meta property=\"og:image:height\" content=\"900\" \/>\n\t<meta property=\"og:image:type\" content=\"image\/png\" \/>\n<meta name=\"author\" content=\"Stattus4\" \/>\n<meta name=\"twitter:card\" content=\"summary_large_image\" \/>\n<meta name=\"twitter:label1\" content=\"Escrito por\" \/>\n\t<meta name=\"twitter:data1\" content=\"Stattus4\" \/>\n\t<meta name=\"twitter:label2\" content=\"Tiempo de lectura\" \/>\n\t<meta name=\"twitter:data2\" content=\"2 minutos\" \/>\n<script type=\"application\/ld+json\" class=\"yoast-schema-graph\">{\"@context\":\"https:\\\/\\\/schema.org\",\"@graph\":[{\"@type\":\"Article\",\"@id\":\"https:\\\/\\\/stattus4.com\\\/reciclar-ajuda-combater-as-mudancas-climaticas\\\/#article\",\"isPartOf\":{\"@id\":\"https:\\\/\\\/stattus4.com\\\/reciclar-ajuda-combater-as-mudancas-climaticas\\\/\"},\"author\":{\"name\":\"Stattus4\",\"@id\":\"https:\\\/\\\/stattus4.com\\\/#\\\/schema\\\/person\\\/24e0184e92a7ad6524942dbbd79a69d8\"},\"headline\":\"Reciclar ajuda combater as mudan\u00e7as clim\u00e1ticas?\",\"datePublished\":\"2024-05-17T11:47:27+00:00\",\"dateModified\":\"2024-05-17T11:53:49+00:00\",\"mainEntityOfPage\":{\"@id\":\"https:\\\/\\\/stattus4.com\\\/reciclar-ajuda-combater-as-mudancas-climaticas\\\/\"},\"wordCount\":248,\"commentCount\":0,\"image\":{\"@id\":\"https:\\\/\\\/stattus4.com\\\/reciclar-ajuda-combater-as-mudancas-climaticas\\\/#primaryimage\"},\"thumbnailUrl\":\"https:\\\/\\\/stattus4.com\\\/wp-content\\\/uploads\\\/2024\\\/05\\\/dia-mundial-da-reciclagem-1080x1920-blog-1.png\",\"articleSection\":[\"Saneamento\"],\"inLanguage\":\"es\",\"potentialAction\":[{\"@type\":\"CommentAction\",\"name\":\"Comment\",\"target\":[\"https:\\\/\\\/stattus4.com\\\/reciclar-ajuda-combater-as-mudancas-climaticas\\\/#respond\"]}]},{\"@type\":\"WebPage\",\"@id\":\"https:\\\/\\\/stattus4.com\\\/reciclar-ajuda-combater-as-mudancas-climaticas\\\/\",\"url\":\"https:\\\/\\\/stattus4.com\\\/reciclar-ajuda-combater-as-mudancas-climaticas\\\/\",\"name\":\"Reciclar ajuda combater as mudan\u00e7as clim\u00e1ticas? - Stattus4\",\"isPartOf\":{\"@id\":\"https:\\\/\\\/stattus4.com\\\/#website\"},\"primaryImageOfPage\":{\"@id\":\"https:\\\/\\\/stattus4.com\\\/reciclar-ajuda-combater-as-mudancas-climaticas\\\/#primaryimage\"},\"image\":{\"@id\":\"https:\\\/\\\/stattus4.com\\\/reciclar-ajuda-combater-as-mudancas-climaticas\\\/#primaryimage\"},\"thumbnailUrl\":\"https:\\\/\\\/stattus4.com\\\/wp-content\\\/uploads\\\/2024\\\/05\\\/dia-mundial-da-reciclagem-1080x1920-blog-1.png\",\"datePublished\":\"2024-05-17T11:47:27+00:00\",\"dateModified\":\"2024-05-17T11:53:49+00:00\",\"author\":{\"@id\":\"https:\\\/\\\/stattus4.com\\\/#\\\/schema\\\/person\\\/24e0184e92a7ad6524942dbbd79a69d8\"},\"breadcrumb\":{\"@id\":\"https:\\\/\\\/stattus4.com\\\/reciclar-ajuda-combater-as-mudancas-climaticas\\\/#breadcrumb\"},\"inLanguage\":\"es\",\"potentialAction\":[{\"@type\":\"ReadAction\",\"target\":[\"https:\\\/\\\/stattus4.com\\\/reciclar-ajuda-combater-as-mudancas-climaticas\\\/\"]}]},{\"@type\":\"ImageObject\",\"inLanguage\":\"es\",\"@id\":\"https:\\\/\\\/stattus4.com\\\/reciclar-ajuda-combater-as-mudancas-climaticas\\\/#primaryimage\",\"url\":\"https:\\\/\\\/stattus4.com\\\/wp-content\\\/uploads\\\/2024\\\/05\\\/dia-mundial-da-reciclagem-1080x1920-blog-1.png\",\"contentUrl\":\"https:\\\/\\\/stattus4.com\\\/wp-content\\\/uploads\\\/2024\\\/05\\\/dia-mundial-da-reciclagem-1080x1920-blog-1.png\",\"width\":1600,\"height\":900},{\"@type\":\"BreadcrumbList\",\"@id\":\"https:\\\/\\\/stattus4.com\\\/reciclar-ajuda-combater-as-mudancas-climaticas\\\/#breadcrumb\",\"itemListElement\":[{\"@type\":\"ListItem\",\"position\":1,\"name\":\"In\u00edcio\",\"item\":\"https:\\\/\\\/stattus4.com\\\/\"},{\"@type\":\"ListItem\",\"position\":2,\"name\":\"Reciclar ajuda combater as mudan\u00e7as clim\u00e1ticas?\"}]},{\"@type\":\"WebSite\",\"@id\":\"https:\\\/\\\/stattus4.com\\\/#website\",\"url\":\"https:\\\/\\\/stattus4.com\\\/\",\"name\":\"Stattus4\",\"description\":\"Desenvolvemos solu\u00e7\u00f5es que visam a economia de \u00e1gua atrav\u00e9s da detec\u00e7\u00e3o precoce de vazamentos e inconsist\u00eancias do consumo.\",\"potentialAction\":[{\"@type\":\"SearchAction\",\"target\":{\"@type\":\"EntryPoint\",\"urlTemplate\":\"https:\\\/\\\/stattus4.com\\\/?s={search_term_string}\"},\"query-input\":{\"@type\":\"PropertyValueSpecification\",\"valueRequired\":true,\"valueName\":\"search_term_string\"}}],\"inLanguage\":\"es\"},{\"@type\":\"Person\",\"@id\":\"https:\\\/\\\/stattus4.com\\\/#\\\/schema\\\/person\\\/24e0184e92a7ad6524942dbbd79a69d8\",\"name\":\"Stattus4\",\"image\":{\"@type\":\"ImageObject\",\"inLanguage\":\"es\",\"@id\":\"https:\\\/\\\/secure.gravatar.com\\\/avatar\\\/de05dd3198a6638367b427f1973702cd6a6d904721557152fd76b121471cfb8a?s=96&d=mm&r=g\",\"url\":\"https:\\\/\\\/secure.gravatar.com\\\/avatar\\\/de05dd3198a6638367b427f1973702cd6a6d904721557152fd76b121471cfb8a?s=96&d=mm&r=g\",\"contentUrl\":\"https:\\\/\\\/secure.gravatar.com\\\/avatar\\\/de05dd3198a6638367b427f1973702cd6a6d904721557152fd76b121471cfb8a?s=96&d=mm&r=g\",\"caption\":\"Stattus4\"},\"url\":\"https:\\\/\\\/stattus4.com\\\/es\\\/author\\\/stattus4\\\/\"}]}<\/script>\n<!-- \/ Yoast SEO plugin. -->","yoast_head_json":{"title":"\u00bfAyuda el reciclaje a combatir el cambio clim\u00e1tico? - Stattus4","robots":{"index":"index","follow":"follow","max-snippet":"max-snippet:-1","max-image-preview":"max-image-preview:large","max-video-preview":"max-video-preview:-1"},"canonical":"https:\/\/stattus4.com\/es\/reciclar-ajuda-combater-as-mudancas-climaticas\/","og_locale":"es_ES","og_type":"article","og_title":"Reciclar ajuda combater as mudan\u00e7as clim\u00e1ticas? - Stattus4","og_description":"A resposta n\u00e3o \u00e9 t\u00e3o simples, mas vamos deix\u00e1-la mais did\u00e1tica. Ao reciclar algum material, ajudamos a reduzir a quantidade de res\u00edduos que acabam em aterros sanit\u00e1rios, onde podem liberar metano, um potente g\u00e1s de efeito estufa. Al\u00e9m disso, a reciclagem tamb\u00e9m tem um impacto positivo na economia de energia. Ao reciclar, diminu\u00edmos a necessidade [&hellip;]","og_url":"https:\/\/stattus4.com\/es\/reciclar-ajuda-combater-as-mudancas-climaticas\/","og_site_name":"Stattus4","article_published_time":"2024-05-17T11:47:27+00:00","article_modified_time":"2024-05-17T11:53:49+00:00","og_image":[{"width":1600,"height":900,"url":"https:\/\/stattus4.com\/wp-content\/uploads\/2024\/05\/dia-mundial-da-reciclagem-1080x1920-blog-1.png","type":"image\/png"}],"author":"Stattus4","twitter_card":"summary_large_image","twitter_misc":{"Escrito por":"Stattus4","Tiempo de lectura":"2 minutos"},"schema":{"@context":"https:\/\/schema.org","@graph":[{"@type":"Article","@id":"https:\/\/stattus4.com\/reciclar-ajuda-combater-as-mudancas-climaticas\/#article","isPartOf":{"@id":"https:\/\/stattus4.com\/reciclar-ajuda-combater-as-mudancas-climaticas\/"},"author":{"name":"Stattus4","@id":"https:\/\/stattus4.com\/#\/schema\/person\/24e0184e92a7ad6524942dbbd79a69d8"},"headline":"Reciclar ajuda combater as mudan\u00e7as clim\u00e1ticas?","datePublished":"2024-05-17T11:47:27+00:00","dateModified":"2024-05-17T11:53:49+00:00","mainEntityOfPage":{"@id":"https:\/\/stattus4.com\/reciclar-ajuda-combater-as-mudancas-climaticas\/"},"wordCount":248,"commentCount":0,"image":{"@id":"https:\/\/stattus4.com\/reciclar-ajuda-combater-as-mudancas-climaticas\/#primaryimage"},"thumbnailUrl":"https:\/\/stattus4.com\/wp-content\/uploads\/2024\/05\/dia-mundial-da-reciclagem-1080x1920-blog-1.png","articleSection":["Saneamento"],"inLanguage":"es","potentialAction":[{"@type":"CommentAction","name":"Comment","target":["https:\/\/stattus4.com\/reciclar-ajuda-combater-as-mudancas-climaticas\/#respond"]}]},{"@type":"WebPage","@id":"https:\/\/stattus4.com\/reciclar-ajuda-combater-as-mudancas-climaticas\/","url":"https:\/\/stattus4.com\/reciclar-ajuda-combater-as-mudancas-climaticas\/","name":"\u00bfAyuda el reciclaje a combatir el cambio clim\u00e1tico? - Stattus4","isPartOf":{"@id":"https:\/\/stattus4.com\/#website"},"primaryImageOfPage":{"@id":"https:\/\/stattus4.com\/reciclar-ajuda-combater-as-mudancas-climaticas\/#primaryimage"},"image":{"@id":"https:\/\/stattus4.com\/reciclar-ajuda-combater-as-mudancas-climaticas\/#primaryimage"},"thumbnailUrl":"https:\/\/stattus4.com\/wp-content\/uploads\/2024\/05\/dia-mundial-da-reciclagem-1080x1920-blog-1.png","datePublished":"2024-05-17T11:47:27+00:00","dateModified":"2024-05-17T11:53:49+00:00","author":{"@id":"https:\/\/stattus4.com\/#\/schema\/person\/24e0184e92a7ad6524942dbbd79a69d8"},"breadcrumb":{"@id":"https:\/\/stattus4.com\/reciclar-ajuda-combater-as-mudancas-climaticas\/#breadcrumb"},"inLanguage":"es","potentialAction":[{"@type":"ReadAction","target":["https:\/\/stattus4.com\/reciclar-ajuda-combater-as-mudancas-climaticas\/"]}]},{"@type":"ImageObject","inLanguage":"es","@id":"https:\/\/stattus4.com\/reciclar-ajuda-combater-as-mudancas-climaticas\/#primaryimage","url":"https:\/\/stattus4.com\/wp-content\/uploads\/2024\/05\/dia-mundial-da-reciclagem-1080x1920-blog-1.png","contentUrl":"https:\/\/stattus4.com\/wp-content\/uploads\/2024\/05\/dia-mundial-da-reciclagem-1080x1920-blog-1.png","width":1600,"height":900},{"@type":"BreadcrumbList","@id":"https:\/\/stattus4.com\/reciclar-ajuda-combater-as-mudancas-climaticas\/#breadcrumb","itemListElement":[{"@type":"ListItem","position":1,"name":"In\u00edcio","item":"https:\/\/stattus4.com\/"},{"@type":"ListItem","position":2,"name":"Reciclar ajuda combater as mudan\u00e7as clim\u00e1ticas?"}]},{"@type":"WebSite","@id":"https:\/\/stattus4.com\/#website","url":"https:\/\/stattus4.com\/","name":"Estado4","description":"Desarrollamos soluciones que tienen como objetivo el ahorro de agua mediante la detecci\u00f3n temprana de fugas e inconsistencias en el consumo.","potentialAction":[{"@type":"SearchAction","target":{"@type":"EntryPoint","urlTemplate":"https:\/\/stattus4.com\/?s={search_term_string}"},"query-input":{"@type":"PropertyValueSpecification","valueRequired":true,"valueName":"search_term_string"}}],"inLanguage":"es"},{"@type":"Person","@id":"https:\/\/stattus4.com\/#\/schema\/person\/24e0184e92a7ad6524942dbbd79a69d8","name":"Estado4","image":{"@type":"ImageObject","inLanguage":"es","@id":"https:\/\/secure.gravatar.com\/avatar\/de05dd3198a6638367b427f1973702cd6a6d904721557152fd76b121471cfb8a?s=96&d=mm&r=g","url":"https:\/\/secure.gravatar.com\/avatar\/de05dd3198a6638367b427f1973702cd6a6d904721557152fd76b121471cfb8a?s=96&d=mm&r=g","contentUrl":"https:\/\/secure.gravatar.com\/avatar\/de05dd3198a6638367b427f1973702cd6a6d904721557152fd76b121471cfb8a?s=96&d=mm&r=g","caption":"Stattus4"},"url":"https:\/\/stattus4.com\/es\/author\/stattus4\/"}]}},"_links":{"self":[{"href":"https:\/\/stattus4.com\/es\/wp-json\/wp\/v2\/posts\/488","targetHints":{"allow":["GET"]}}],"collection":[{"href":"https:\/\/stattus4.com\/es\/wp-json\/wp\/v2\/posts"}],"about":[{"href":"https:\/\/stattus4.com\/es\/wp-json\/wp\/v2\/types\/post"}],"author":[{"embeddable":true,"href":"https:\/\/stattus4.com\/es\/wp-json\/wp\/v2\/users\/2"}],"replies":[{"embeddable":true,"href":"https:\/\/stattus4.com\/es\/wp-json\/wp\/v2\/comments?post=488"}],"version-history":[{"count":2,"href":"https:\/\/stattus4.com\/es\/wp-json\/wp\/v2\/posts\/488\/revisions"}],"predecessor-version":[{"id":493,"href":"https:\/\/stattus4.com\/es\/wp-json\/wp\/v2\/posts\/488\/revisions\/493"}],"wp:featuredmedia":[{"embeddable":true,"href":"https:\/\/stattus4.com\/es\/wp-json\/wp\/v2\/media\/492"}],"wp:attachment":[{"href":"https:\/\/stattus4.com\/es\/wp-json\/wp\/v2\/media?parent=488"}],"wp:term":[{"taxonomy":"category","embeddable":true,"href":"https:\/\/stattus4.com\/es\/wp-json\/wp\/v2\/categories?post=488"},{"taxonomy":"post_tag","embeddable":true,"href":"https:\/\/stattus4.com\/es\/wp-json\/wp\/v2\/tags?post=488"}],"curies":[{"name":"gracias","href":"https:\/\/api.w.org\/{rel}","templated":true}]}}